{"id":102,"date":"2020-11-17T09:24:14","date_gmt":"2020-11-17T09:24:14","guid":{"rendered":"https:\/\/klatrenorge.no\/?p=102"},"modified":"2022-01-17T20:19:04","modified_gmt":"2022-01-17T20:19:04","slug":"storen-og-knutholstind-pa-samme-helg","status":"publish","type":"post","link":"https:\/\/klatrenorge.no\/?p=102","title":{"rendered":"Storen og Knutholstind p\u00e5 samme helg"},"content":{"rendered":"\n<p>Odd ville p\u00e5 Storen og Knut p\u00e5 Knutholstind &#8211; s\u00e5 vi tok begge p\u00e5 samme helg!<\/p>\n\n\n\n<figure class=\"wp-block-image\"><a href=\"https:\/\/images1.peakbook.org\/images\/2681\/KNUTESS_20151230_5683fe48eb1cb.jpg?p=xtralarge\"><img decoding=\"async\" src=\"https:\/\/images1.peakbook.org\/images\/2681\/KNUTESS_20151230_5683fe48eb1cb.jpg?p=medium\" alt=\"Knut foran det gode gamle Turtagr\u00f8 hotell\"\/><\/a><figcaption>Knut foran det gode gamle Turtagr\u00f8 hotell<\/figcaption><\/figure>\n\n\n\n<p>Odd Petterson hadde g\u00e5tt p\u00e5 brekurs og klatrekurs og Knut Skallerud hadde gjennomf\u00f8rt klatrekurs v\u00e5ren 1996 med instrukt\u00f8r Einar Landmark p\u00e5 Villmarkshuset. Sommeren hadde g\u00e5tt med til klippeklatring i Osloomr\u00e5det og n\u00e5 f\u00f8lte Odd og Knut seg klare for st\u00f8rre oppgaver.<\/p>\n\n\n\n<p>Fredag 16. august 1996 v\u00e5knet vi kl 04.00 p\u00e5 Beito, l\u00e5 en stund og studerte kapittelet om Store Skagast\u00f8lstind i klatreboka over Jotunheimen, stod opp og dro avg\u00e5rde kl 5.30. Vi kj\u00f8rte over Valdresflya, ned til V\u00e5g\u00e5, forbi Lom og oppover B\u00f8verdalen til Sognefjellet. V\u00e6ret var lettskyet og fint med gl\u00f8tt av sol. Utsikten fra rasteplassen var imponerende, med Sm\u00f8rstabtindene i \u00f8st og Fanar\u00e5ken mot sydvest. Vi fortsatte mot Turtagr\u00f8 og fikk hele Skagast\u00f8lsryggen i syne i svingene ned til hotellet.<\/p>\n\n\n\n<p>M\u00e5let for turen var Store Skagast\u00f8lstind og motivasjonen var p\u00e5 topp da vi la av g\u00e5rde kl 09.15. Oppover til Tindeklubbhytta, forbi heimste Skardst\u00f8lsvann og videre forbi fremste Skardst\u00f8lsvann, over breen og over sprekken \u00f8verst p\u00e5 breen til Skardsst\u00f8lbannet og til Hytta p\u00e5 bandet. V\u00e6ret var blitt fint med sol og kun lette skyer p\u00e5 himmelen. Dette s\u00e5 lovende ut!<\/p>\n\n\n\n<figure class=\"wp-block-image\"><a href=\"https:\/\/images1.peakbook.org\/images\/2681\/KNUTESS_20151230_5683fc50cc6c8.jpg?p=xtralarge\"><img decoding=\"async\" src=\"https:\/\/images1.peakbook.org\/images\/2681\/KNUTESS_20151230_5683fc50cc6c8.jpg?p=medium\" alt=\"Odd og Storen\"\/><\/a><figcaption>Odd og Storen<\/figcaption><\/figure>\n\n\n\n<p>Endelig skulle vi f\u00e5 ta Hytta p\u00e5 bandet i n\u00e6rmere \u00f8yesyn og endelig skulle vi f\u00e5 pr\u00f8ve oss p\u00e5 virkelig fjellklatring. Storen ruvet over oss og s\u00e5 helt umulig ut. Vi la i vei oppover, men kom for langt til h\u00f8yre og brukte lang tid f\u00f8r vi kom til starten p\u00e5 Andrews renne som vi hadde valgt som rute opp. Da vi f\u00f8rst kom inn i renna, gikk klatringen greit, selv om det uvant \u00e5 klatre med fjellst\u00f8vler i stedet for klatresko. Renna er trygg og fin for en nybegynner da det ikke er mye luftige stup og bli skremt av. Vi kom oss opp til toppen av renna der den andre ruten kommer over fra h\u00f8yre, klatret opp til svaene under toppen og kunne stolt strekke hendene i v\u00e6ret p\u00e5 toppen av Storen 2405 moh. Vi n\u00f8t den fantastiske utsikten fra toppen over Hurrunganefjellene som vi etter hvert skulle bestige en etter en.<\/p>\n\n\n\n<p>M\u00e5let for dagen var n\u00e5dd, men vi visste at ulykker ofte skjer p\u00e5 vei ned fra fjelltopper s\u00e5 vi konsentrerte oss og sjekket at vi gjorde ting riktige da vi rappellerte ned Andrews renne. Forbi hytta p\u00e5 bandet og over breen og videre nedover var vi s\u00e5 lette til bens og stolte som haner, som vi aldri hadde v\u00e6rt f\u00f8r. Vi sm\u00e5l\u00f8p avg\u00e5rde i gledesrus og fortalte gjerne alle som kom oppover at vi hadde v\u00e6rt p\u00e5 toppen.<\/p>\n\n\n\n<p>Det gamle \u00e6rverdige hotellet n\u00e5dde vi ved midnatt i m\u00f8rket og feiret dagen med \u00e5 ta inn p\u00e5 et av hotellets rom i stedet for \u00e5 sette opp teltet. Det synes vi at vi hadde fortjent. N\u00e5 hadde vi ogs\u00e5 v\u00e6rt p\u00e5 Storen, der v\u00e5r venn Magne Nyhus hadde v\u00e6rt mange ganger.<\/p>\n\n\n\n<figure class=\"wp-block-image\"><a href=\"https:\/\/images1.peakbook.org\/images\/2681\/KNUTESS_20151230_5683fd2c8eb54.jpg?p=xtralarge\"><img decoding=\"async\" src=\"https:\/\/images1.peakbook.org\/images\/2681\/KNUTESS_20151230_5683fd2c8eb54.jpg?p=medium\" alt=\"Utsikt fra Storen: Austabotntind og Store Ringstind.\"\/><\/a><figcaption>Utsikt fra Storen: Austabotntind og Store Ringstind.<\/figcaption><\/figure>\n\n\n\n<p><strong>Neste m\u00e5l for helgen<\/strong><br>L\u00f8rdag morgen den 17. august 1996 pakket vi inn i bilen og kj\u00f8rte tilbake over Sognefjellet og Valdresflya til Bygdin. Tok b\u00e5ten til Torfinnsbu og var ganske slitne etter 15 timers turen dagen f\u00f8r. Vi gikk opp til Svartdalen, satte opp teltet og sovnet. Opp igjen ved midnatt og pusset tennene.<\/p>\n\n\n\n<p>S\u00f8ndag morgen var det p\u00e5 med fjellst\u00f8vlene kl 06.00 her inne i dalen som binder Torfinnsbu og Gjendebu sammen, ikke langt fra der Leirungsdalen kommer inn fra \u00f8st. Dro avg\u00e5rde kl 07.00 p\u00e5 lett sti innover dalen og videre p\u00e5 stien oppover fjellsiden mot helgens andre m\u00e5l Knutholstind. Oppover og oppover i grei klyving uten behov for tau eller sikring. V\u00e6ret var lett disig med gr\u00e5 skyer hengende over oss, s\u00e5 sikten var ikke all verden. Men vi kunne se nedover Svartdalen og over til Torfinnstindene p\u00e5 den andre siden av dalen.<\/p>\n\n\n\n<p>Toppen er p\u00e5 2341 meter og med den i lomma sammen med Store Skagast\u00f8lstind p\u00e5 samme helg kunne vi forn\u00f8yd sette kursen for b\u00e5ten p\u00e5 Bygdin og veien tilbake til Osloomr\u00e5det.<\/p>\n\n\n\n<p><\/p>\n","protected":false},"excerpt":{"rendered":"<p>Odd ville p\u00e5 Storen og Knut p\u00e5 Knutholstind &#8211; s\u00e5 vi tok begge p\u00e5 samme helg! Odd Petterson hadde g\u00e5tt p\u00e5 brekurs og klatrekurs og Knut Skallerud hadde gjennomf\u00f8rt klatrekurs v\u00e5ren 1996 med instrukt\u00f8r Einar Landmark p\u00e5 Villmarkshuset. Sommeren hadde g\u00e5tt med til klippeklatring i Osloomr\u00e5det og n\u00e5 f\u00f8lte Odd og Knut seg klare for [&hellip;]<\/p>\n","protected":false},"author":1,"featured_media":103,"comment_status":"open","ping_status":"open","sticky":false,"template":"","format":"standard","meta":{"footnotes":""},"categories":[8,7],"tags":[],"class_list":["post-102","post","type-post","status-publish","format-standard","has-post-thumbnail","hentry","category-ost-jotunheimen","category-vest-jotunheimen"],"_links":{"self":[{"href":"https:\/\/klatrenorge.no\/index.php?rest_route=\/wp\/v2\/posts\/102","targetHints":{"allow":["GET"]}}],"collection":[{"href":"https:\/\/klatrenorge.no\/index.php?rest_route=\/wp\/v2\/posts"}],"about":[{"href":"https:\/\/klatrenorge.no\/index.php?rest_route=\/wp\/v2\/types\/post"}],"author":[{"embeddable":true,"href":"https:\/\/klatrenorge.no\/index.php?rest_route=\/wp\/v2\/users\/1"}],"replies":[{"embeddable":true,"href":"https:\/\/klatrenorge.no\/index.php?rest_route=%2Fwp%2Fv2%2Fcomments&post=102"}],"version-history":[{"count":1,"href":"https:\/\/klatrenorge.no\/index.php?rest_route=\/wp\/v2\/posts\/102\/revisions"}],"predecessor-version":[{"id":104,"href":"https:\/\/klatrenorge.no\/index.php?rest_route=\/wp\/v2\/posts\/102\/revisions\/104"}],"wp:featuredmedia":[{"embeddable":true,"href":"https:\/\/klatrenorge.no\/index.php?rest_route=\/wp\/v2\/media\/103"}],"wp:attachment":[{"href":"https:\/\/klatrenorge.no\/index.php?rest_route=%2Fwp%2Fv2%2Fmedia&parent=102"}],"wp:term":[{"taxonomy":"category","embeddable":true,"href":"https:\/\/klatrenorge.no\/index.php?rest_route=%2Fwp%2Fv2%2Fcategories&post=102"},{"taxonomy":"post_tag","embeddable":true,"href":"https:\/\/klatrenorge.no\/index.php?rest_route=%2Fwp%2Fv2%2Ftags&post=102"}],"curies":[{"name":"wp","href":"https:\/\/api.w.org\/{rel}","templated":true}]}}