{"id":1121,"date":"2025-12-12T10:18:50","date_gmt":"2025-12-12T10:18:50","guid":{"rendered":"https:\/\/klatrenorge.no\/?p=1121"},"modified":"2025-12-12T15:23:03","modified_gmt":"2025-12-12T15:23:03","slug":"aktiv-klatreuke-i-desember-2025","status":"publish","type":"post","link":"https:\/\/klatrenorge.no\/?p=1121","title":{"rendered":"Aktiv uke 50\/2025"},"content":{"rendered":"\n<p>Klatring for store og sm\u00e5 i uke 50, et par uker f\u00f8r jul. Mandag 8.12. var vi p\u00e5 Holmen klatresenter med yngste datter Inga, svigers\u00f8nn Svein og deres jenter Iben p\u00e5 2 \u00e5r og Frida p\u00e5 2 mnd.<br><br>Onsdag 10.12. ble det samling p\u00e5 Oslo klatresenter p\u00e5 Skullerud med niesene Eli og Unn, datteren til Eli som heter Louise, samt Louises venninne Eir. Disse spreke 7-klassingene var mest ivrige og klatret over 20 ruter hver! Vi andre klatret ogs\u00e5 p\u00e5 trommel og med Grigri. Etterp\u00e5 ble det hyggelig bollefest i kafeen.<br><br>Torsdag 11.12. var det seniorenes tur. Stor julelunsj p\u00e5 Leangkollen hotell. Tur og klatregruppa har hatt julebord i over 30 \u00e5r, s\u00e5 her var mye klatre- og turerfaring samlet rundt bordet.<\/p>\n\n\n\n<p>Hyggelig uke med mange yngre og eldre klatrere i aktivitet!<\/p>\n\n\n\n<figure class=\"wp-block-image size-large\"><img loading=\"lazy\" decoding=\"async\" width=\"768\" height=\"1024\" src=\"https:\/\/klatrenorge.no\/wp-content\/uploads\/2025\/12\/Svein-768x1024.jpg\" alt=\"\" class=\"wp-image-1128\" srcset=\"https:\/\/klatrenorge.no\/wp-content\/uploads\/2025\/12\/Svein-768x1024.jpg 768w, https:\/\/klatrenorge.no\/wp-content\/uploads\/2025\/12\/Svein-225x300.jpg 225w, https:\/\/klatrenorge.no\/wp-content\/uploads\/2025\/12\/Svein-1152x1536.jpg 1152w, https:\/\/klatrenorge.no\/wp-content\/uploads\/2025\/12\/Svein-1536x2048.jpg 1536w, https:\/\/klatrenorge.no\/wp-content\/uploads\/2025\/12\/Svein-scaled.jpg 1920w\" sizes=\"auto, (max-width: 768px) 100vw, 768px\" \/><\/figure>\n\n\n\n<p>Svein n\u00e6rmer seg toppen<\/p>\n\n\n\n<figure class=\"wp-block-image size-large\"><img loading=\"lazy\" decoding=\"async\" width=\"768\" height=\"1024\" src=\"https:\/\/klatrenorge.no\/wp-content\/uploads\/2025\/12\/20251208_170125-2-768x1024.jpg\" alt=\"\" class=\"wp-image-1134\" srcset=\"https:\/\/klatrenorge.no\/wp-content\/uploads\/2025\/12\/20251208_170125-2-768x1024.jpg 768w, https:\/\/klatrenorge.no\/wp-content\/uploads\/2025\/12\/20251208_170125-2-225x300.jpg 225w, https:\/\/klatrenorge.no\/wp-content\/uploads\/2025\/12\/20251208_170125-2-1152x1536.jpg 1152w, https:\/\/klatrenorge.no\/wp-content\/uploads\/2025\/12\/20251208_170125-2-1536x2048.jpg 1536w, https:\/\/klatrenorge.no\/wp-content\/uploads\/2025\/12\/20251208_170125-2-scaled.jpg 1920w\" sizes=\"auto, (max-width: 768px) 100vw, 768px\" \/><\/figure>\n\n\n\n<p>Inga p\u00e5 vei opp<\/p>\n\n\n\n<figure class=\"wp-block-image size-large\"><img loading=\"lazy\" decoding=\"async\" width=\"768\" height=\"1024\" src=\"https:\/\/klatrenorge.no\/wp-content\/uploads\/2025\/12\/Familie-1-768x1024.jpg\" alt=\"\" class=\"wp-image-1138\" srcset=\"https:\/\/klatrenorge.no\/wp-content\/uploads\/2025\/12\/Familie-1-768x1024.jpg 768w, https:\/\/klatrenorge.no\/wp-content\/uploads\/2025\/12\/Familie-1-225x300.jpg 225w, https:\/\/klatrenorge.no\/wp-content\/uploads\/2025\/12\/Familie-1-1152x1536.jpg 1152w, https:\/\/klatrenorge.no\/wp-content\/uploads\/2025\/12\/Familie-1-1536x2048.jpg 1536w, https:\/\/klatrenorge.no\/wp-content\/uploads\/2025\/12\/Familie-1-scaled.jpg 1920w\" sizes=\"auto, (max-width: 768px) 100vw, 768px\" \/><\/figure>\n\n\n\n<p>3 generasjoner i buldrerommet, Inga, Frida og Janet<\/p>\n\n\n\n<figure class=\"wp-block-image size-large\"><img loading=\"lazy\" decoding=\"async\" width=\"576\" height=\"1024\" src=\"https:\/\/klatrenorge.no\/wp-content\/uploads\/2025\/12\/Skullerudjentene-i-toppen-576x1024.jpg\" alt=\"\" class=\"wp-image-1139\" srcset=\"https:\/\/klatrenorge.no\/wp-content\/uploads\/2025\/12\/Skullerudjentene-i-toppen-576x1024.jpg 576w, https:\/\/klatrenorge.no\/wp-content\/uploads\/2025\/12\/Skullerudjentene-i-toppen-169x300.jpg 169w, https:\/\/klatrenorge.no\/wp-content\/uploads\/2025\/12\/Skullerudjentene-i-toppen-768x1365.jpg 768w, https:\/\/klatrenorge.no\/wp-content\/uploads\/2025\/12\/Skullerudjentene-i-toppen-864x1536.jpg 864w, https:\/\/klatrenorge.no\/wp-content\/uploads\/2025\/12\/Skullerudjentene-i-toppen-1152x2048.jpg 1152w, https:\/\/klatrenorge.no\/wp-content\/uploads\/2025\/12\/Skullerudjentene-i-toppen.jpg 1440w\" sizes=\"auto, (max-width: 576px) 100vw, 576px\" \/><figcaption class=\"wp-element-caption\">Eli, Louise, Eir og Unn i toppen<\/figcaption><\/figure>\n\n\n\n<figure class=\"wp-block-image size-large\"><img loading=\"lazy\" decoding=\"async\" width=\"768\" height=\"1024\" src=\"https:\/\/klatrenorge.no\/wp-content\/uploads\/2025\/12\/Eir-og-Louise-768x1024.jpg\" alt=\"\" class=\"wp-image-1140\" srcset=\"https:\/\/klatrenorge.no\/wp-content\/uploads\/2025\/12\/Eir-og-Louise-768x1024.jpg 768w, https:\/\/klatrenorge.no\/wp-content\/uploads\/2025\/12\/Eir-og-Louise-225x300.jpg 225w, https:\/\/klatrenorge.no\/wp-content\/uploads\/2025\/12\/Eir-og-Louise-1152x1536.jpg 1152w, https:\/\/klatrenorge.no\/wp-content\/uploads\/2025\/12\/Eir-og-Louise-1536x2048.jpg 1536w, https:\/\/klatrenorge.no\/wp-content\/uploads\/2025\/12\/Eir-og-Louise-scaled.jpg 1920w\" sizes=\"auto, (max-width: 768px) 100vw, 768px\" \/><\/figure>\n\n\n\n<p>Eir og Louise n\u00e6r toppen. Eli f\u00f8lger med.<\/p>\n\n\n\n<figure class=\"wp-block-image size-large\"><img loading=\"lazy\" decoding=\"async\" width=\"1024\" height=\"843\" src=\"https:\/\/klatrenorge.no\/wp-content\/uploads\/2025\/12\/Skullerud-bollefest-1024x843.jpg\" alt=\"\" class=\"wp-image-1141\" srcset=\"https:\/\/klatrenorge.no\/wp-content\/uploads\/2025\/12\/Skullerud-bollefest-1024x843.jpg 1024w, https:\/\/klatrenorge.no\/wp-content\/uploads\/2025\/12\/Skullerud-bollefest-300x247.jpg 300w, https:\/\/klatrenorge.no\/wp-content\/uploads\/2025\/12\/Skullerud-bollefest-768x632.jpg 768w, https:\/\/klatrenorge.no\/wp-content\/uploads\/2025\/12\/Skullerud-bollefest-1536x1264.jpg 1536w, https:\/\/klatrenorge.no\/wp-content\/uploads\/2025\/12\/Skullerud-bollefest-2048x1685.jpg 2048w\" sizes=\"auto, (max-width: 1024px) 100vw, 1024px\" \/><\/figure>\n\n\n\n<p>Eir, Louise, Unn og Eli p\u00e5 bollefesten etter klatring<\/p>\n\n\n\n<figure class=\"wp-block-image size-large\"><img loading=\"lazy\" decoding=\"async\" width=\"1024\" height=\"678\" src=\"https:\/\/klatrenorge.no\/wp-content\/uploads\/2025\/12\/Leangkollen-1-1024x678.jpg\" alt=\"\" class=\"wp-image-1142\" srcset=\"https:\/\/klatrenorge.no\/wp-content\/uploads\/2025\/12\/Leangkollen-1-1024x678.jpg 1024w, https:\/\/klatrenorge.no\/wp-content\/uploads\/2025\/12\/Leangkollen-1-300x199.jpg 300w, https:\/\/klatrenorge.no\/wp-content\/uploads\/2025\/12\/Leangkollen-1-768x508.jpg 768w, https:\/\/klatrenorge.no\/wp-content\/uploads\/2025\/12\/Leangkollen-1-1536x1017.jpg 1536w, https:\/\/klatrenorge.no\/wp-content\/uploads\/2025\/12\/Leangkollen-1-2048x1356.jpg 2048w\" sizes=\"auto, (max-width: 1024px) 100vw, 1024px\" \/><\/figure>\n\n\n\n<p>Magne, Rande, Per, Janet, Berit, Odd og Randi p\u00e5 Leangkollen hotell<\/p>\n\n\n\n<p>Knut Skallerud<br>12.12.2025<br><\/p>\n","protected":false},"excerpt":{"rendered":"<p>Klatring for store og sm\u00e5 i uke 50, et par uker f\u00f8r jul. Mandag 8.12. var vi p\u00e5 Holmen klatresenter med yngste datter Inga, svigers\u00f8nn Svein og deres jenter Iben p\u00e5 2 \u00e5r og Frida p\u00e5 2 mnd. Onsdag 10.12. ble det samling p\u00e5 Oslo klatresenter p\u00e5 Skullerud med niesene Eli og Unn, datteren til [&hellip;]<\/p>\n","protected":false},"author":1,"featured_media":1150,"comment_status":"closed","ping_status":"closed","sticky":false,"template":"","format":"standard","meta":{"footnotes":""},"categories":[17,11],"tags":[],"class_list":["post-1121","post","type-post","status-publish","format-standard","has-post-thumbnail","hentry","category-inneklatring","category-naerturer"],"_links":{"self":[{"href":"https:\/\/klatrenorge.no\/index.php?rest_route=\/wp\/v2\/posts\/1121","targetHints":{"allow":["GET"]}}],"collection":[{"href":"https:\/\/klatrenorge.no\/index.php?rest_route=\/wp\/v2\/posts"}],"about":[{"href":"https:\/\/klatrenorge.no\/index.php?rest_route=\/wp\/v2\/types\/post"}],"author":[{"embeddable":true,"href":"https:\/\/klatrenorge.no\/index.php?rest_route=\/wp\/v2\/users\/1"}],"replies":[{"embeddable":true,"href":"https:\/\/klatrenorge.no\/index.php?rest_route=%2Fwp%2Fv2%2Fcomments&post=1121"}],"version-history":[{"count":11,"href":"https:\/\/klatrenorge.no\/index.php?rest_route=\/wp\/v2\/posts\/1121\/revisions"}],"predecessor-version":[{"id":1155,"href":"https:\/\/klatrenorge.no\/index.php?rest_route=\/wp\/v2\/posts\/1121\/revisions\/1155"}],"wp:featuredmedia":[{"embeddable":true,"href":"https:\/\/klatrenorge.no\/index.php?rest_route=\/wp\/v2\/media\/1150"}],"wp:attachment":[{"href":"https:\/\/klatrenorge.no\/index.php?rest_route=%2Fwp%2Fv2%2Fmedia&parent=1121"}],"wp:term":[{"taxonomy":"category","embeddable":true,"href":"https:\/\/klatrenorge.no\/index.php?rest_route=%2Fwp%2Fv2%2Fcategories&post=1121"},{"taxonomy":"post_tag","embeddable":true,"href":"https:\/\/klatrenorge.no\/index.php?rest_route=%2Fwp%2Fv2%2Ftags&post=1121"}],"curies":[{"name":"wp","href":"https:\/\/api.w.org\/{rel}","templated":true}]}}