{"id":213,"date":"2021-08-24T17:46:52","date_gmt":"2021-08-24T17:46:52","guid":{"rendered":"https:\/\/klatrenorge.no\/?p=213"},"modified":"2022-01-17T20:13:19","modified_gmt":"2022-01-17T20:13:19","slug":"flott-augustdag-pa-torfinnstinden","status":"publish","type":"post","link":"https:\/\/klatrenorge.no\/?p=213","title":{"rendered":"Flott augustdag p\u00e5 Torfinnstinden"},"content":{"rendered":"\n<p><strong>Helgetur til Rondane eller Jotunheimen<\/strong>?<br><strong>Et uv\u00e6r som gikk over Sverige og Tr\u00f8ndelag skulle gi t\u00e5ke i nordlige Rondane fredag og l\u00f8rdag formiddag. Vestover og p\u00e5 \u00d8stlandet var det meldt fint v\u00e6r, s\u00e5 valget falt p\u00e5 Jotunheimen for Per Hunnes Hansen og Knut Skallerud<\/strong>.<\/p>\n\n\n\n<p>Helgen 20.-22.08.2021<\/p>\n\n\n\n<p>Per har lenge \u00f8nsket \u00e5 klyve opp p\u00e5 toppen av Torfinnstind eller som den heter \u00d8ystre Torfinnstinden. Den er jo synlig fra mange kanter i Valdres og rager majestetisk opp bak turisthytta Torfinsbu, som Olav Thon har reddet og som er gjort om til selvbetjeningskvarter for DNT`s medlemmer.<\/p>\n\n\n\n<p>F\u00f8rste overnatting ble p\u00e5 stranda ved Bygdins \u00f8stlige bredde, under Synshorn, like ved brygga til M\/S Bitihorn som tok oss inn til Torfinsbu en helt utrolig vakker augustmorgen etter en frostnatt i v\u00e5re nye telt.<\/p>\n\n\n\n<p>Blant flere telt rett \u00f8st for Torfinsbu fant vi en flott leirplass, pakket klatresekken med sikringer, seler og tau, te, vann og mat, varme kl\u00e6r og ikke minst klatrehjelmer, men kom oss ikke av g\u00e5rde f\u00f8r kl 11 med \u00f8nske om \u00e5 g\u00e5 traversen over \u00d8stre, Midtre og Vestre Torfinnstindene.<br>B\u00e5tens tidligrute ved 7-tiden gikk ikke n\u00e5 i august, s\u00e5 vi fikk en sen start p\u00e5 v\u00e5rt eventyr.<\/p>\n\n\n\n<figure class=\"wp-block-image\"><a href=\"https:\/\/images2.peakbook.org\/images\/2681\/Klatrenorge_20210824_6124d9c46e647.jpg?p=xtralarge\"><img decoding=\"async\" src=\"https:\/\/images2.peakbook.org\/images\/2681\/Klatrenorge_20210824_6124d9c46e647.jpg?p=medium\" alt=\"Utsikt mot Midtre Torfinnstinden\"\/><\/a><figcaption>Utsikt mot Midtre Torfinnstinden<\/figcaption><\/figure>\n\n\n\n<p>Vi tok stien oppover mot Svartdalen, svingte vestover under fjellet,der det st\u00e5r en staur, men kom inn p\u00e5 en sti som gikk p\u00e5 et lavere niv\u00e5 enn den riktige stien som g\u00e5r helt oppunder fjellet.<br>Da vi kom omtrent s\u00e5 langt vest som Nybua langt der nede ved vannet, steg vi p\u00e5 skr\u00e5 oppover og kom til innstegspunktet der det n\u00e5 stod en br\u00f8ytestikke. S\u00e5 tok vi opp til h\u00f8yre og dreide mot venstre til punktet som er en smal kl\u00f8ft helt nederst i enden av store renna som kalles den 3. renna i fjellet.<\/p>\n\n\n\n<p>Fra dette punktet tok vi stien oppover til venstre\/vestover og svingte s\u00e5 tilbake over en kolle og tilbake mot renna igjen. Her holdt vi s\u00e5 litt til venstre oppover for \u00e5 unng\u00e5 steinspang og ras, videre opp p\u00e5 venstre siden av den karakteristiske klumpen midt i renna og videre oppover, der vi s\u00e5 svingte ut mot venstre\/vestover og med litt klyving grad 2 som ikke var bare\/bare med tung sekk og fjellst\u00f8vler.<\/p>\n\n\n\n<p>Vel oppe ved varden var vi veldig i tvil om vi skulle fortsette traversen eller slite oss ned den l\u00f8se renna med alle de l\u00f8se gufne steinene, i b\u00e5de sm\u00e5 og store st\u00f8rrelser.<br>Men v\u00e6ret var fint, sol fra skyfri himmel, varmt og med en helt fantastisk utsikt.<\/p>\n\n\n\n<p>P\u00e5 grunn av v\u00e5r sene start, valgte vi \u00e5 returnere ned renna. Vi gikk tilbake til der vi kom opp, lette til venstre nedenfor en liten varde, og fant et rappellpunkt i toppen av renna. Vi festet tauet og kastet det nedover til f\u00f8rste hylle som var ca 20 meter under. V\u00e5rt 60 meter tau rakk imidlertid helt ned til bunnen av denne veggen og vi rappellerte ned, med 8-erne v\u00e5re i klatreselene.<\/p>\n\n\n\n<p>Veien videre ned er en 4-500 meter lang renne med s\u00e5 mange l\u00f8se steiner som vi aldri p\u00e5 noen tur har opplevd i Norge. Et taulag kom bak oss og l\u00f8ste ut et mindre ras som dundret nedover renna. Heldigvis var vi da p\u00e5 h\u00f8yresiden\/vestsiden og langt unna steinene som kom susende nedover med bulder og brak.<\/p>\n\n\n\n<p>Da Knut Skallerud og turkamerat Odd Petterson gikk traversen over Torfinnstindene og fjellrekka til Gjendebu for ca 20 \u00e5r siden, gikk vi ikke opp denne renna. Da sikret vi opp lenger \u00f8st p\u00e5 fjellet, trolig opp midtrenna. Men der kreves fullt klatreutstyr.<\/p>\n\n\n\n<p>V\u00e6ret var helt utrolig vakkert denne augustl\u00f8rdagen, s\u00e5 da vi hadde kommet ned og ut av renna, satte vi oss ned, spiste br\u00f8dskiver, drakk te, knasket sjokolade og n\u00f8d utsikten b\u00e5de over Bygdin som l\u00e5 foran oss og mot fjell i mange mils omkrets. Ikke en sky p\u00e5 himmelen og helt vindstille &#8211; sent i august!<\/p>\n\n\n\n<p>Etter en 9 timers tur var vi nede ved teltene, laget oss middag og n\u00f8t augustkvelden f\u00f8r vi kr\u00f8p i posene. Dagen etter ble det b\u00e6rplukking og lang frokost da b\u00e5ten ikke gikk f\u00f8r kl 12.30.<\/p>\n\n\n\n<figure class=\"wp-block-image\"><a href=\"https:\/\/images2.peakbook.org\/images\/2681\/Klatrenorge_20210824_6124d889ac7e0.jpg?p=xtralarge\"><img decoding=\"async\" src=\"https:\/\/images2.peakbook.org\/images\/2681\/Klatrenorge_20210824_6124d889ac7e0.jpg?p=large\" alt=\"Rim p\u00e5 teltene v\u00e5re om morgenen. \u00d8ystre Torfinnstinden i bakgrunnen\"\/><\/a><figcaption>Rim p\u00e5 teltene v\u00e5re om morgenen. \u00d8ystre Torfinnstinden i bakgrunnen<\/figcaption><\/figure>\n","protected":false},"excerpt":{"rendered":"<p>Helgetur til Rondane eller Jotunheimen?Et uv\u00e6r som gikk over Sverige og Tr\u00f8ndelag skulle gi t\u00e5ke i nordlige Rondane fredag og l\u00f8rdag formiddag. Vestover og p\u00e5 \u00d8stlandet var det meldt fint v\u00e6r, s\u00e5 valget falt p\u00e5 Jotunheimen for Per Hunnes Hansen og Knut Skallerud. Helgen 20.-22.08.2021 Per har lenge \u00f8nsket \u00e5 klyve opp p\u00e5 toppen av [&hellip;]<\/p>\n","protected":false},"author":1,"featured_media":216,"comment_status":"closed","ping_status":"closed","sticky":false,"template":"","format":"standard","meta":{"footnotes":""},"categories":[8],"tags":[],"class_list":["post-213","post","type-post","status-publish","format-standard","has-post-thumbnail","hentry","category-ost-jotunheimen"],"_links":{"self":[{"href":"https:\/\/klatrenorge.no\/index.php?rest_route=\/wp\/v2\/posts\/213","targetHints":{"allow":["GET"]}}],"collection":[{"href":"https:\/\/klatrenorge.no\/index.php?rest_route=\/wp\/v2\/posts"}],"about":[{"href":"https:\/\/klatrenorge.no\/index.php?rest_route=\/wp\/v2\/types\/post"}],"author":[{"embeddable":true,"href":"https:\/\/klatrenorge.no\/index.php?rest_route=\/wp\/v2\/users\/1"}],"replies":[{"embeddable":true,"href":"https:\/\/klatrenorge.no\/index.php?rest_route=%2Fwp%2Fv2%2Fcomments&post=213"}],"version-history":[{"count":6,"href":"https:\/\/klatrenorge.no\/index.php?rest_route=\/wp\/v2\/posts\/213\/revisions"}],"predecessor-version":[{"id":237,"href":"https:\/\/klatrenorge.no\/index.php?rest_route=\/wp\/v2\/posts\/213\/revisions\/237"}],"wp:featuredmedia":[{"embeddable":true,"href":"https:\/\/klatrenorge.no\/index.php?rest_route=\/wp\/v2\/media\/216"}],"wp:attachment":[{"href":"https:\/\/klatrenorge.no\/index.php?rest_route=%2Fwp%2Fv2%2Fmedia&parent=213"}],"wp:term":[{"taxonomy":"category","embeddable":true,"href":"https:\/\/klatrenorge.no\/index.php?rest_route=%2Fwp%2Fv2%2Fcategories&post=213"},{"taxonomy":"post_tag","embeddable":true,"href":"https:\/\/klatrenorge.no\/index.php?rest_route=%2Fwp%2Fv2%2Ftags&post=213"}],"curies":[{"name":"wp","href":"https:\/\/api.w.org\/{rel}","templated":true}]}}