{"id":224,"date":"2021-10-10T19:26:25","date_gmt":"2021-10-10T19:26:25","guid":{"rendered":"https:\/\/klatrenorge.no\/?p=224"},"modified":"2022-01-17T20:10:06","modified_gmt":"2022-01-17T20:10:06","slug":"bygdin-rundt-pa-4-dager","status":"publish","type":"post","link":"https:\/\/klatrenorge.no\/?p=224","title":{"rendered":"Bygdin rundt p\u00e5 4 dager"},"content":{"rendered":"\n<p>Vi startet med to denne gang. Odd og Knut kj\u00f8rte til Beito 18.09.2021, tok Slettefjellveien til Fleinsendin og fulgte veien til Olefjorden, der vi parkerte ved demningen. Etter flere turer med b\u00e6ring av tunge sekker med klatretau og telt, ville vi g\u00e5 raskt i terrenget, s\u00e5 vi hadde pakket lette sekker.<br>V\u00e6ret var gr\u00e5tt, t\u00e5ka hang over toppene, s\u00e5 en topptur ville v\u00e6rt utelukket likevel.<br>Rypejakta var i gang og det smalt s\u00e5 det ljomet fra nordsiden av Olefjorden.<\/p>\n\n\n\n<p><strong>OLEFJORDEN &#8211; YKSENDALSBU 11,2 KM, 4 TIMER<\/strong><\/p>\n\n\n\n<figure class=\"wp-block-image\"><a href=\"https:\/\/images2.peakbook.org\/images\/2681\/Klatrenorge_20210928_6152d92e7b886.jpg?p=xtralarge\"><img decoding=\"async\" src=\"https:\/\/images2.peakbook.org\/images\/2681\/Klatrenorge_20210928_6152d92e7b886.jpg?p=medium\" alt=\"Odd foran hovedhytta Yksendalsbu\"\/><\/a><figcaption>Odd foran hovedhytta Yksendalsbu<\/figcaption><\/figure>\n\n\n\n<p>F\u00f8rste etappe gikk vestover til setergrenda Kvithaug, over elva Dingla, bort til passasjen mellom vannet Yksnin og Skjetnin som vestenden av Olefjorden kalles, videre opp til DNT-stien fra Bygdin. Derfra vestover til den selvbetjente hytta Yksendalsbu.<br>Hytta best\u00e5r av en hovedhytte og et anneks. I hovedhytta bodde det hyggelige paret Elisabet og Sven fra Oslo. I Covidtidene som r\u00e5det, valgte vi \u00e5 overnatte i annekset, som var helt perfekt for to. Maten hentet vi i hovedhytta. Det var veldig bra orden i begge hyttene, takket v\u00e6re hytteverten fra Rogne.<\/p>\n\n\n\n<p><strong>YKSENDALSBU &#8211; FONDSBU 16,2 KM, 6,5 TIMER<\/strong><br>Tjukk t\u00e5ke denne s\u00f8ndagen i september. H\u00f8stfargene var ikke lett \u00e5 skimte, ei heller neste varde. Vi tok f\u00f8lge med Elisabet og Sven opp den bratte lia bak hyttene, over fjellet vestover og ned til V\u00f8lodalen, der vi krysset elva p\u00e5 steiner uten problemer. Her m\u00e5tte v\u00e5re nye turvenner vade ved en tidligere anledning. En rast med mat og drikke etter krysningen av elva gjorde godt denne h\u00f8sts\u00f8ndagen, der t\u00e5ke var litt mindre tilstede nede i dalen enn oppe i fjellet.<\/p>\n\n\n\n<figure class=\"wp-block-image\"><a href=\"https:\/\/images2.peakbook.org\/images\/2681\/Klatrenorge_20210928_6152da6ee0107.jpg?p=xtralarge\"><img decoding=\"async\" src=\"https:\/\/images2.peakbook.org\/images\/2681\/Klatrenorge_20210928_6152da6ee0107.jpg?p=medium\" alt=\"Fin varde i tjukk t\u00e5ke. Foto: Sven Bj\u00f8rne-Larsen\"\/><\/a><figcaption>Fin varde i tjukk t\u00e5ke. Foto: Sven Bj\u00f8rne-Larsen<\/figcaption><\/figure>\n\n\n\n<p>Da vi kom opp bakkene og gikk mot Dryllin var t\u00e5ka s\u00e5 tjukk at Sven m\u00e5tte frem med GPS-en flere steder s\u00e5 vi kunne finne veien. Et parti var fullt av st\u00f8rre steiner, som vi m\u00e5tte forsere. Deretter flatet det ut og det gikk slakt nedover til Eidsbugarden og DNT-hytta Fondsbu, der Solbj\u00f8rg Kv\u00e5lshaugen tok oss i mot i resepsjonen, slik hun har gjort med bes\u00f8kende i 20 \u00e5r.<br>Kvelden kunne bringe et uts\u00f8kt m\u00e5ltid med Tyinlam og med Solbj\u00f8rg syngende skillingsvise.<\/p>\n\n\n\n<figure class=\"wp-block-image\"><a href=\"https:\/\/images2.peakbook.org\/images\/2681\/Klatrenorge_20210928_6152db72b1274.jpg?p=xtralarge\"><img decoding=\"async\" src=\"https:\/\/images2.peakbook.org\/images\/2681\/Klatrenorge_20210928_6152db72b1274.jpg?p=medium\" alt=\"Odd, Elisabet og Sven p\u00e5 Fondsbu\"\/><\/a><figcaption>Odd, Elisabet og Sven p\u00e5 Fondsbu<\/figcaption><\/figure>\n\n\n\n<p><strong>FONDSBU &#8211; TORFINNSBU 20,1 KM, 6,5 TIMER<\/strong><br>Stien er n\u00e5 lagt om og fortsetter lenger langs stranden til Bygdin enn f\u00f8r. Vi fortsatte derfor videre langs stranden etter at stien tok av mot Gjendebu, under H\u00f8ystakkane og bort til Galdebergodden, der stien gikk oppover p\u00e5 nydelig lettg\u00e5tt sti mot Langedalstjernet. S\u00e5 fortsatte vi i t\u00e5ka ned Langedalen til Bygdin, over ny bru, bort forbi Nybue og til Torfinnsbu. Denne etappen ville alle g\u00e5 igjen, da den gikk p\u00e5 meget behagelig underlag. Myk fin sti!<br>I helgen f\u00f8r var Torfinnsbu full av folk, mens denne mandagen i september var det bare oss 4 i denne flotte hytta under \u00d8stre Torfinnstind.<\/p>\n\n\n\n<figure class=\"wp-block-image\"><a href=\"https:\/\/images2.peakbook.org\/images\/2681\/Klatrenorge_20210928_6152dda2866cd.jpg?p=xtralarge\"><img decoding=\"async\" src=\"https:\/\/images2.peakbook.org\/images\/2681\/Klatrenorge_20210928_6152dda2866cd.jpg?p=large\" alt=\"Torfinnsbu med \u00d8stre Torfinnstind\"\/><\/a><figcaption>Torfinnsbu med \u00d8stre Torfinnstind<\/figcaption><\/figure>\n\n\n\n<p><strong>TORFINNSBU &#8211; OLEFJORDEN &#8211; 22 KM, 6 TIMER<\/strong><br>Etter en natt med regn og vind fra vest, klarnet det opp om morgenen og tinden bak oss var prydet med sn\u00f8. Et veldig vakkert syn som fortalte oss at h\u00f8sten og vinteren var p\u00e5 vei.<br>Vi satte avg\u00e5rde p\u00e5 stien langs vannet mot \u00f8st og hadde vinden i ryggen. For f\u00f8rste gang p\u00e5 turen hadde vi utsikt til fjell og \u00e5ser rundt omkring og kunne nyte de flotte r\u00f8de og oransje h\u00f8stfarger som prydet bakker og \u00e5ser.<\/p>\n\n\n\n<p>En pause i ly av t\u00f8mmerhytta p\u00e5 Hestevollen gjorde godt f\u00f8r vi fortsatte til Bygdin hotell, der vi fikk dagens f\u00f8rste kaffekopp til nystekte vafler og kanelbolle. Hit var det 14 km, noe som gikk unna p\u00e5 3,5 timer.<br>Ferden videre gikk til samecampen og stien vestover, f\u00f8rst p\u00e5 samme sti som brukes til Bitihorn, s\u00e5 forbi vannet Seksin og p\u00e5 ubetydelig sti over til parkeringen helt \u00f8st ved Olefjorden etter 2,5 timer og 8 km.<\/p>\n\n\n\n<p>Totalt gikk vi 69,5 km p\u00e5 4 dager med sekker p\u00e5 ca 7 kilo.<br>Herlig \u00e5 kunne lange ut p\u00e5 fine stier, en annen opplevelse enn topptur. Fin variasjon!<\/p>\n","protected":false},"excerpt":{"rendered":"<p>Vi startet med to denne gang. Odd og Knut kj\u00f8rte til Beito 18.09.2021, tok Slettefjellveien til Fleinsendin og fulgte veien til Olefjorden, der vi parkerte ved demningen. Etter flere turer med b\u00e6ring av tunge sekker med klatretau og telt, ville vi g\u00e5 raskt i terrenget, s\u00e5 vi hadde pakket lette sekker.V\u00e6ret var gr\u00e5tt, t\u00e5ka hang [&hellip;]<\/p>\n","protected":false},"author":1,"featured_media":226,"comment_status":"closed","ping_status":"closed","sticky":false,"template":"","format":"standard","meta":{"footnotes":""},"categories":[8],"tags":[],"class_list":["post-224","post","type-post","status-publish","format-standard","has-post-thumbnail","hentry","category-ost-jotunheimen"],"_links":{"self":[{"href":"https:\/\/klatrenorge.no\/index.php?rest_route=\/wp\/v2\/posts\/224","targetHints":{"allow":["GET"]}}],"collection":[{"href":"https:\/\/klatrenorge.no\/index.php?rest_route=\/wp\/v2\/posts"}],"about":[{"href":"https:\/\/klatrenorge.no\/index.php?rest_route=\/wp\/v2\/types\/post"}],"author":[{"embeddable":true,"href":"https:\/\/klatrenorge.no\/index.php?rest_route=\/wp\/v2\/users\/1"}],"replies":[{"embeddable":true,"href":"https:\/\/klatrenorge.no\/index.php?rest_route=%2Fwp%2Fv2%2Fcomments&post=224"}],"version-history":[{"count":3,"href":"https:\/\/klatrenorge.no\/index.php?rest_route=\/wp\/v2\/posts\/224\/revisions"}],"predecessor-version":[{"id":230,"href":"https:\/\/klatrenorge.no\/index.php?rest_route=\/wp\/v2\/posts\/224\/revisions\/230"}],"wp:featuredmedia":[{"embeddable":true,"href":"https:\/\/klatrenorge.no\/index.php?rest_route=\/wp\/v2\/media\/226"}],"wp:attachment":[{"href":"https:\/\/klatrenorge.no\/index.php?rest_route=%2Fwp%2Fv2%2Fmedia&parent=224"}],"wp:term":[{"taxonomy":"category","embeddable":true,"href":"https:\/\/klatrenorge.no\/index.php?rest_route=%2Fwp%2Fv2%2Fcategories&post=224"},{"taxonomy":"post_tag","embeddable":true,"href":"https:\/\/klatrenorge.no\/index.php?rest_route=%2Fwp%2Fv2%2Ftags&post=224"}],"curies":[{"name":"wp","href":"https:\/\/api.w.org\/{rel}","templated":true}]}}