{"id":85,"date":"2020-11-16T19:05:53","date_gmt":"2020-11-16T19:05:53","guid":{"rendered":"https:\/\/klatrenorge.no\/?p=85"},"modified":"2022-01-17T20:21:06","modified_gmt":"2022-01-17T20:21:06","slug":"mjolkedalstind","status":"publish","type":"post","link":"https:\/\/klatrenorge.no\/?p=85","title":{"rendered":"Mj\u00f8lkedalstinden"},"content":{"rendered":"\n<p>En av \u00e5rets turer for Odd, Per og Knut var til Eidsbugarden til Olavsbu via skaret mellom Mj\u00f8lkedalstinden og Olavsbunuten. Et fors\u00f8k p\u00e5 \u00e5 klatre til topps ble stoppet av isete sva og m\u00f8rke. En fantastisk dag p\u00e5 vei inn hadde vi, men toppst\u00f8tet dagen etter ble stoppet av tjukk t\u00e5ke.<\/p>\n\n\n\n<figure class=\"wp-block-image size-large\"><img loading=\"lazy\" decoding=\"async\" width=\"1000\" height=\"750\" src=\"https:\/\/klatrenorge.no\/wp-content\/uploads\/2020\/11\/Mjolkedaltind.jpg\" alt=\"\" class=\"wp-image-89\" srcset=\"https:\/\/klatrenorge.no\/wp-content\/uploads\/2020\/11\/Mjolkedaltind.jpg 1000w, https:\/\/klatrenorge.no\/wp-content\/uploads\/2020\/11\/Mjolkedaltind-300x225.jpg 300w, https:\/\/klatrenorge.no\/wp-content\/uploads\/2020\/11\/Mjolkedaltind-768x576.jpg 768w\" sizes=\"auto, (max-width: 1000px) 100vw, 1000px\" \/><\/figure>\n\n\n\n<p>Etter en vellykket tur til Falketind noen uker tidligere, b\u00f8d det seg en mulighet for Odd Petterson, Per Hunnes Hansen og Knut Skallerud \u00e5 ta fri mandag og tr\u00e5kke til med en langhelg siden v\u00e6rmeldingen var lovende. Eller som det heter p\u00e5 ekspedisjonsspr\u00e5ket &laquo;Det \u00e5pnet seg et v\u00e6rvindu&raquo;.<\/p>\n\n\n\n<p><strong>Ja, hvor skulle vi dra?<\/strong><br>Torfinnstindene? Nei b\u00e5ten har sluttet \u00e5 g\u00e5.<br>Gjendebu? Nei utsolgt p\u00e5 Gjendeb\u00e5ten.<br>Langsua? Litt for tamt. Vente til skisesongen.<\/p>\n\n\n\n<p>Vi kj\u00f8rte til Beito fredag kveld, videre til Eidsbugarden l\u00f8rdag morgen. H\u00f8stfargene p\u00e5 busker og tr\u00e6r langs veien til Tyin var p\u00e5 sitt vakreste i alle sjatteringer fra gult til orange og r\u00f8dt.<br>Etter \u00e5 ha stoppet langs Tyin og tatt bilder av utsikten mot Falketind og Urdanostinden som l\u00e5 badet i flott morgensol fra en skyfri klar h\u00f8sthimmel, trasket vi av g\u00e5rde langs stien opp langs Mj\u00f8lked\u00f8la.<\/p>\n\n\n\n<figure class=\"wp-block-image\"><a href=\"https:\/\/images1.peakbook.org\/images\/2681\/Klatrenorge_20200922_5f6a45acb742a.jpg?p=xtralarge\"><img decoding=\"async\" src=\"https:\/\/images1.peakbook.org\/images\/2681\/Klatrenorge_20200922_5f6a45acb742a.jpg?p=large\" alt=\"Flott tinderekke med Falketind og Uranostinden\"\/><\/a><figcaption>Flott tinderekke med Falketind og Uranostinden<\/figcaption><\/figure>\n\n\n\n<p>Oppe ved Store Mj\u00f8lkedalsvatnet m\u00e5tte vi stoppe og fotografere Mj\u00f8lkedalsbreen som lyste opp p\u00e5 den andre siden av vannet, med Langskavltinden p\u00e5 venstre og Storegut p\u00e5 h\u00f8yre side.<br>Du verden for en dag vi fikk i fjellet! Mildt og ingen vind. Vakkert!<\/p>\n\n\n\n<figure class=\"wp-block-image\"><a href=\"https:\/\/images1.peakbook.org\/images\/2681\/Klatrenorge_20200922_5f6a4702f09df.jpg?p=xtralarge\"><img decoding=\"async\" src=\"https:\/\/images1.peakbook.org\/images\/2681\/Klatrenorge_20200922_5f6a4702f09df.jpg?p=large\" alt=\"Store Mj\u00f8lkedalvatnet (1340 moh) med Mj\u00f8lkedalsbreen \"\/><\/a><figcaption>Store Mj\u00f8lkedalvatnet (1340 moh) med Mj\u00f8lkedalsbreen<\/figcaption><\/figure>\n\n\n\n<p>Planen var \u00e5 g\u00e5 fra Fondsbu til Olavsbu l\u00f8rdag, bestige Mj\u00f8lkedalstinden p\u00e5 s\u00f8ndag og returnere til Fondsbu og bilen p\u00e5 mandag. V\u00e6rmeldingen derimot hadde endret seg til det verre for s\u00f8ndagen og spesielt for mandagen.<\/p>\n\n\n\n<figure class=\"wp-block-image\"><a href=\"https:\/\/images1.peakbook.org\/images\/2681\/Klatrenorge_20200923_5f6ba54258987.jpg?p=xtralarge\"><img decoding=\"async\" src=\"https:\/\/images1.peakbook.org\/images\/2681\/Klatrenorge_20200923_5f6ba54258987.jpg?p=large\" alt=\"Per og Odd foran H\u00f8gbr\u00e5th\u00f8gde med Mj\u00f8lkedalstinden langt bak til venstre.\"\/><\/a><figcaption>Per og Odd foran H\u00f8gbr\u00e5th\u00f8gde med Mj\u00f8lkedalstinden langt bak til venstre.<\/figcaption><\/figure>\n\n\n\n<figure class=\"wp-block-image\"><a href=\"https:\/\/images1.peakbook.org\/images\/2681\/Klatrenorge_20200922_5f6a4863c517f.jpg?p=xtralarge\"><img decoding=\"async\" src=\"https:\/\/images1.peakbook.org\/images\/2681\/Klatrenorge_20200922_5f6a4863c517f.jpg?p=large\" alt=\"Skaret mellom Mj\u00f8lkedalstinden og Olavsbunuten\"\/><\/a><figcaption>Skaret mellom Mj\u00f8lkedalstinden og Olavsbunuten<\/figcaption><\/figure>\n\n\n\n<p>Et forslag i gruppen om \u00e5 pr\u00f8ve oss p\u00e5 Mj\u00f8lkedalstinden p\u00e5 vei til Olavsbu ved \u00e5 g\u00e5 gjennom skaret mellom toppen og den mindre toppen som p\u00e5 noen kart heter Olavsbunuten (1970 moh) ble vi enige om \u00e5 gi en sjanse.<\/p>\n\n\n\n<p>Fint \u00e5 g\u00e5 oppover mot skaret i den varme kveldssola. Over toppen m\u00e5tte vi ta en runde rundt en blank \u00e5pen isbre som ligger der.<\/p>\n\n\n\n<figure class=\"wp-block-image\"><a href=\"https:\/\/images1.peakbook.org\/images\/2681\/Klatrenorge_20200922_5f6a4ae74d56d.jpg?p=xtralarge\"><img decoding=\"async\" src=\"https:\/\/images1.peakbook.org\/images\/2681\/Klatrenorge_20200922_5f6a4ae74d56d.jpg?p=large\" alt=\"Mj\u00f8lkedalstinden\"\/><\/a><figcaption>Mj\u00f8lkedalstinden<\/figcaption><\/figure>\n\n\n\n<figure class=\"wp-block-image\"><a href=\"https:\/\/images1.peakbook.org\/images\/2681\/Klatrenorge_20200922_5f6a4bbe4f04d.jpg?p=xtralarge\"><img decoding=\"async\" src=\"https:\/\/images1.peakbook.org\/images\/2681\/Klatrenorge_20200922_5f6a4bbe4f04d.jpg?p=large\" alt=\"Vi gikk under breen og opp mot venstre.\"\/><\/a><figcaption>Vi gikk under breen og opp mot venstre.<\/figcaption><\/figure>\n\n\n\n<p>Vi satte fra oss sekkene p\u00e5 en stein og fortsatte oppover mot ryggen under toppen. Men vi ble stoppet av islagte sva. Da var m\u00f8rket p\u00e5 vei og vi m\u00e5tte innse at vi m\u00e5tte komme oss ned til Olavsbu, der vi ankom etter 10 timer p\u00e5 tur.<\/p>\n\n\n\n<p>Dagen etter v\u00e5knet vi spente p\u00e5 om v\u00e6ret ville gi oss mulighet for en tur til toppen av Mj\u00f8lkedalstinden, men vi ble skuffet da vi s\u00e5 rett inn i en tjukk t\u00e5kevegg.<\/p>\n\n\n\n<p>Over morgenkaffen besluttet vi \u00e5 ta den T-merkede stien tilbake til Eidsbugarden og Fondsbu.<\/p>\n\n\n\n<figure class=\"wp-block-image\"><a href=\"https:\/\/images1.peakbook.org\/images\/2681\/Klatrenorge_20200922_5f6a4d4e6e6b0.jpg?p=xtralarge\"><img decoding=\"async\" src=\"https:\/\/images1.peakbook.org\/images\/2681\/Klatrenorge_20200922_5f6a4d4e6e6b0.jpg?p=large\" alt=\"Utsikt fra Olavsbu rett inn i t\u00e5ka\"\/><\/a><figcaption>Utsikt fra Olavsbu rett inn i t\u00e5ka<\/figcaption><\/figure>\n\n\n\n<figure class=\"wp-block-image\"><a href=\"https:\/\/images1.peakbook.org\/images\/2681\/Klatrenorge_20200922_5f6a4e112f648.jpg?p=xtralarge\"><img decoding=\"async\" src=\"https:\/\/images1.peakbook.org\/images\/2681\/Klatrenorge_20200922_5f6a4e112f648.jpg?p=large\" alt=\"Olavsbu\"\/><\/a><\/figure>\n","protected":false},"excerpt":{"rendered":"<p>En av \u00e5rets turer for Odd, Per og Knut var til Eidsbugarden til Olavsbu via skaret mellom Mj\u00f8lkedalstinden og Olavsbunuten. Et fors\u00f8k p\u00e5 \u00e5 klatre til topps ble stoppet av isete sva og m\u00f8rke. En fantastisk dag p\u00e5 vei inn hadde vi, men toppst\u00f8tet dagen etter ble stoppet av tjukk t\u00e5ke. Etter en vellykket tur [&hellip;]<\/p>\n","protected":false},"author":1,"featured_media":91,"comment_status":"open","ping_status":"open","sticky":false,"template":"","format":"standard","meta":{"footnotes":""},"categories":[8],"tags":[],"class_list":["post-85","post","type-post","status-publish","format-standard","has-post-thumbnail","hentry","category-ost-jotunheimen"],"_links":{"self":[{"href":"https:\/\/klatrenorge.no\/index.php?rest_route=\/wp\/v2\/posts\/85","targetHints":{"allow":["GET"]}}],"collection":[{"href":"https:\/\/klatrenorge.no\/index.php?rest_route=\/wp\/v2\/posts"}],"about":[{"href":"https:\/\/klatrenorge.no\/index.php?rest_route=\/wp\/v2\/types\/post"}],"author":[{"embeddable":true,"href":"https:\/\/klatrenorge.no\/index.php?rest_route=\/wp\/v2\/users\/1"}],"replies":[{"embeddable":true,"href":"https:\/\/klatrenorge.no\/index.php?rest_route=%2Fwp%2Fv2%2Fcomments&post=85"}],"version-history":[{"count":5,"href":"https:\/\/klatrenorge.no\/index.php?rest_route=\/wp\/v2\/posts\/85\/revisions"}],"predecessor-version":[{"id":96,"href":"https:\/\/klatrenorge.no\/index.php?rest_route=\/wp\/v2\/posts\/85\/revisions\/96"}],"wp:featuredmedia":[{"embeddable":true,"href":"https:\/\/klatrenorge.no\/index.php?rest_route=\/wp\/v2\/media\/91"}],"wp:attachment":[{"href":"https:\/\/klatrenorge.no\/index.php?rest_route=%2Fwp%2Fv2%2Fmedia&parent=85"}],"wp:term":[{"taxonomy":"category","embeddable":true,"href":"https:\/\/klatrenorge.no\/index.php?rest_route=%2Fwp%2Fv2%2Fcategories&post=85"},{"taxonomy":"post_tag","embeddable":true,"href":"https:\/\/klatrenorge.no\/index.php?rest_route=%2Fwp%2Fv2%2Ftags&post=85"}],"curies":[{"name":"wp","href":"https:\/\/api.w.org\/{rel}","templated":true}]}}