{"id":98,"date":"2020-11-17T09:00:25","date_gmt":"2020-11-17T09:00:25","guid":{"rendered":"https:\/\/klatrenorge.no\/?p=98"},"modified":"2022-01-17T20:20:35","modified_gmt":"2022-01-17T20:20:35","slug":"ettermiddagstur-til-falketind","status":"publish","type":"post","link":"https:\/\/klatrenorge.no\/?p=98","title":{"rendered":"Ettermiddagstur til Falketind"},"content":{"rendered":"\n<figure class=\"wp-block-image is-style-default\"><a href=\"https:\/\/images1.peakbook.org\/images\/2681\/Klatrenorge_20200810_5f312a529f9f3.jpg?p=xtralarge\"><img decoding=\"async\" src=\"https:\/\/images1.peakbook.org\/images\/2681\/Klatrenorge_20200810_5f312a529f9f3.jpg?p=large\" alt=\"Falketind ute av t\u00e5ka dagen etter turen\"\/><\/a><figcaption>Falketind ute av t\u00e5ka dagen etter turen<\/figcaption><\/figure>\n\n\n\n<p>Planen var \u00e5 bestige Falketind l\u00f8rdag 8.8.20, men da vi satt og drakk kaffe p\u00e5 Odds hytte p\u00e5 Beito etter \u00e5 ha feiret hans 69 \u00e5rs dag kvelden f\u00f8r, sjekket vi yr.no. V\u00e6rutsiktene var atskillig bedre fredag enn l\u00f8rdag, s\u00e5 vi spiste en rask frokost, pakket og dro avg\u00e5rde, Odd, Per, Carlos og Knut.<\/p>\n\n\n\n<p>Klokka var blitt 14 f\u00f8r vi tok fatt p\u00e5 lia opp i enden av veien i Koldedalen. Man skal ikke f\u00f8lge stien mot Uranostind\/Skogadalsb\u00f8en, men fortsette mot hytta og ta av p\u00e5 skr\u00e5 oppover lia til h\u00f8yre fra veien.<\/p>\n\n\n\n<figure class=\"wp-block-image\"><a href=\"https:\/\/images1.peakbook.org\/images\/2681\/Klatrenorge_20200810_5f3146172c4b2.jpg?p=xtralarge\"><img decoding=\"async\" src=\"https:\/\/images1.peakbook.org\/images\/2681\/Klatrenorge_20200810_5f3146172c4b2.jpg?p=medium\" alt=\"\n\"\/><\/a><\/figure>\n\n\n\n<p>Fint \u00e5 g\u00e5 oppover og over kanten ned til breen. Der tok vi p\u00e5 klatreseler, stegjern og festet oss i tauet. I h\u00e5nden is\u00f8ks. Fulgte tr\u00e5kket bortover breen, under \u00e5pent bl\u00e5isfelt og opp til den h\u00f8yre av to sn\u00f8renner som g\u00e5r mot det laveste punktet p\u00e5 ryggen til h\u00f8yre for Falketind.<\/p>\n\n\n\n<p>Derfra kl\u00f8v vi oppover med l\u00f8pende mellomforankring til toppen av fjellveggen. Klatring grad 2.<\/p>\n\n\n\n<p>Vel oppe ble det litt drikke der vi satte fra oss sekkene f\u00f8r vi startet p\u00e5 den 40 min enkle rusleturen opp til topp-punktet. Ingen vind, helt t\u00f8rt fjell, men t\u00e5ke p\u00e5 toppen.<\/p>\n\n\n\n<p>Ned valgte vi \u00e5 rappellere det f\u00f8rste og siste stykket til breen.<\/p>\n\n\n\n<p>Nydelig tur nedover breen i flott kveldslys og vi n\u00e5dde veien f\u00f8r det ble helt m\u00f8rkt ved 23-tiden.<\/p>\n\n\n\n<p>Opp med teltene i lys av hodelykter og middag ved midnattstider etter en flott tur.<\/p>\n\n\n\n<figure class=\"wp-block-image\"><a href=\"https:\/\/images1.peakbook.org\/images\/2681\/Klatrenorge_20200810_5f312dcbcad30.jpeg?p=xtralarge\"><img decoding=\"async\" src=\"https:\/\/images1.peakbook.org\/images\/2681\/Klatrenorge_20200810_5f312dcbcad30.jpeg?p=medium\" alt=\"Per, Knut og Carlos med sitt flagg fra Chile\"\/><\/a><figcaption>Per, Knut og Carlos med sitt flagg fra Chile<\/figcaption><\/figure>\n\n\n\n<figure class=\"wp-block-image\"><a href=\"https:\/\/images1.peakbook.org\/images\/2681\/Klatrenorge_20200810_5f3133ab2945a.jpg?p=xtralarge\"><img decoding=\"async\" src=\"https:\/\/images1.peakbook.org\/images\/2681\/Klatrenorge_20200810_5f3133ab2945a.jpg?p=medium\" alt=\"Odd i rappell\"\/><\/a><figcaption>Odd i rappell<\/figcaption><\/figure>\n\n\n\n<figure class=\"wp-block-image\"><a href=\"https:\/\/images1.peakbook.org\/images\/2681\/Klatrenorge_20200810_5f312f056e421.jpg?p=xtralarge\"><img decoding=\"async\" src=\"https:\/\/images1.peakbook.org\/images\/2681\/Klatrenorge_20200810_5f312f056e421.jpg?p=large\" alt=\"Bl\u00e5isen p\u00e5 Falkbreen under Falketind\"\/><\/a><figcaption>Bl\u00e5isen p\u00e5 Falkbreen under Falketind<\/figcaption><\/figure>\n\n\n\n<p><strong>2017<\/strong><br>Dette var andre gang vi f\u00f8rs\u00f8kte \u00e5 n\u00e5 toppen av Falketind. 23.09.2017 gikk Odd, Per, Anders og Knut Normalveien i nysn\u00f8. Brukte veldig lang tid i sn\u00f8en forbi F\u00f8rste- og Andrevannet. Den gang l\u00e5 den store sn\u00f8fonna der, som vi ogs\u00e5 brukte tid p\u00e5 \u00e5 forsere. Lunsj ved vakre &laquo;Oasen&raquo; og opp til St\u00f8lsnosbreen i fint v\u00e6r, men p\u00e5 grunn av at vi hadde brukt s\u00e5 lang tid, m\u00e5tte vi snu. Den gang startet vi kl 9 og var ikke nede ved bilen f\u00f8r kl 20. Kveldene er ikke s\u00e5 lange og lyse i slutten av september, s\u00e5 da var det nesten m\u00f8rkt.<\/p>\n\n\n\n<figure class=\"wp-block-image\"><a href=\"https:\/\/images1.peakbook.org\/images\/2681\/Klatrenorge_20200810_5f313f57203cf.jpg?p=xtralarge\"><img decoding=\"async\" src=\"https:\/\/images1.peakbook.org\/images\/2681\/Klatrenorge_20200810_5f313f57203cf.jpg?p=large\" alt=\"Falketind og Uranostind med nysn\u00f8 sent i september 2017\"\/><\/a><figcaption>Falketind og Uranostind med nysn\u00f8 sent i september 2017<\/figcaption><\/figure>\n\n\n\n<figure class=\"wp-block-image\"><a href=\"https:\/\/images1.peakbook.org\/images\/2681\/Klatrenorge_20200810_5f313cc4e438b.jpg?p=xtralarge\"><img decoding=\"async\" src=\"https:\/\/images1.peakbook.org\/images\/2681\/Klatrenorge_20200810_5f313cc4e438b.jpg?p=large\" alt=\"Falketind 23.09.2017\"\/><\/a><figcaption>Falketind 23.09.2017<\/figcaption><\/figure>\n","protected":false},"excerpt":{"rendered":"<p>Planen var \u00e5 bestige Falketind l\u00f8rdag 8.8.20, men da vi satt og drakk kaffe p\u00e5 Odds hytte p\u00e5 Beito etter \u00e5 ha feiret hans 69 \u00e5rs dag kvelden f\u00f8r, sjekket vi yr.no. V\u00e6rutsiktene var atskillig bedre fredag enn l\u00f8rdag, s\u00e5 vi spiste en rask frokost, pakket og dro avg\u00e5rde, Odd, Per, Carlos og Knut. Klokka [&hellip;]<\/p>\n","protected":false},"author":1,"featured_media":100,"comment_status":"open","ping_status":"open","sticky":false,"template":"","format":"standard","meta":{"footnotes":""},"categories":[8],"tags":[],"class_list":["post-98","post","type-post","status-publish","format-standard","has-post-thumbnail","hentry","category-ost-jotunheimen"],"_links":{"self":[{"href":"https:\/\/klatrenorge.no\/index.php?rest_route=\/wp\/v2\/posts\/98","targetHints":{"allow":["GET"]}}],"collection":[{"href":"https:\/\/klatrenorge.no\/index.php?rest_route=\/wp\/v2\/posts"}],"about":[{"href":"https:\/\/klatrenorge.no\/index.php?rest_route=\/wp\/v2\/types\/post"}],"author":[{"embeddable":true,"href":"https:\/\/klatrenorge.no\/index.php?rest_route=\/wp\/v2\/users\/1"}],"replies":[{"embeddable":true,"href":"https:\/\/klatrenorge.no\/index.php?rest_route=%2Fwp%2Fv2%2Fcomments&post=98"}],"version-history":[{"count":2,"href":"https:\/\/klatrenorge.no\/index.php?rest_route=\/wp\/v2\/posts\/98\/revisions"}],"predecessor-version":[{"id":101,"href":"https:\/\/klatrenorge.no\/index.php?rest_route=\/wp\/v2\/posts\/98\/revisions\/101"}],"wp:featuredmedia":[{"embeddable":true,"href":"https:\/\/klatrenorge.no\/index.php?rest_route=\/wp\/v2\/media\/100"}],"wp:attachment":[{"href":"https:\/\/klatrenorge.no\/index.php?rest_route=%2Fwp%2Fv2%2Fmedia&parent=98"}],"wp:term":[{"taxonomy":"category","embeddable":true,"href":"https:\/\/klatrenorge.no\/index.php?rest_route=%2Fwp%2Fv2%2Fcategories&post=98"},{"taxonomy":"post_tag","embeddable":true,"href":"https:\/\/klatrenorge.no\/index.php?rest_route=%2Fwp%2Fv2%2Ftags&post=98"}],"curies":[{"name":"wp","href":"https:\/\/api.w.org\/{rel}","templated":true}]}}